{"id":2258,"date":"2023-09-08T08:23:03","date_gmt":"2023-09-08T06:23:03","guid":{"rendered":"https:\/\/www.fatra-regranulace.cz\/2023\/09\/08\/slavime-2-misto-v-soutezi-sodexo-zamestnavatel-roku-2023\/"},"modified":"2023-09-08T08:30:57","modified_gmt":"2023-09-08T06:30:57","slug":"slavime-2-misto-v-soutezi-sodexo-zamestnavatel-roku-2023","status":"publish","type":"post","link":"https:\/\/www.fatra-regranulace.cz\/de\/2023\/09\/08\/slavime-2-misto-v-soutezi-sodexo-zamestnavatel-roku-2023\/","title":{"rendered":"Wir feiern den 2. Platz im Sodexo-Wettbewerb Arbeitgeber des Jahres 2023"},"content":{"rendered":"\n<p>Fatra gewann den 2. Platz im prestigetr\u00e4chtigen Wettbewerb Arbeitgeber des Jahres 2023 in der&nbsp;Kategorie \u201eArbeitgeber der Region bis 5&nbsp;000 Mitarbeiter des Bezirks Zl\u00edn&#8220;.<\/p>\n\n\n\n<p>Die Firma Fatra, a. s., war in dem vom Klub der Arbeitgeber ausgerichteten Wettbewerb erfolgreich und erhielt eine W\u00fcrdigung als Arbeitgeber in der Region Zl\u00edn. Wie der Veranstalter sagt, richtet sich dieser Wettbewerb bereits seit 2003 auf Unternehmen in der Tschechischen Republik aus Sicht der Humanressourcen aus und sein Sinn besteht darin, den Menschen Unternehmen mit einer ausgezeichneten Einstellung gegen\u00fcber ihren Mitarbeitern n\u00e4herzubringen, und dies nicht nur auf landesweiter Ebene, sondern auch in den einzelnen Regionen. Die fachliche Schirmherrschaft \u00fcbernahm die Firma PricewaterhouseCoopers \u010cesk\u00e1 republika, die am 22. Mai 2023 die Auswertung der Ergebnisse nach der internationalen Methodik PwC Sarotoga vornahm, und die Firma Fatra, a. s., landete auf einem hervorragenden&nbsp;<strong>2. Platz in der Kategorie bis 5&nbsp;000 Mitarbeiter<\/strong>. Diese Position w\u00fcrdigte und best\u00e4tigte unsere langfristige Arbeit, unseren Einsatz und unsere Sorgfalt, mit der wir uns unseren Mitarbeitern widmen.<\/p>\n\n\n\n<p>Wir sind uns voll bewusst, dass zufriedene Mitarbeiter der Schl\u00fcssel zum langfristigen Erfolg des Unternehmens sind, und sofern dies in unseren M\u00f6glichkeiten liegt, sind wir bestrebt, deren Arbeitsbedingungen zu verbessern.<\/p>\n\n\n\n<p>Traditionell werden wir mit der Tatsache in Verbindung gebracht, dass Fatra ein stabiler Arbeitgeber in der Region ist, aber die W\u00fcrdigung in diesem Wettbewerb brachte uns auch die Anerkennung, dass wir unsere Mitarbeiter zu sch\u00e4tzen wissen und sie mit Respekt behandeln. Die Aufmerksamkeit ihnen gegen\u00fcber und die F\u00fcrsorge f\u00fcr sie sind dann jene Faktoren, die langfristigen Erfolg bringen und unsere Position als eines der f\u00fchrenden Unternehmen in der Region festigen.<\/p>\n\n\n\n<p>Unsere Unternehmenswerte sind \u201ewir tun unsere Arbeit mit ganzer Kraft\u201c, \u201ewir entwickeln uns und andere weiter\u201c und \u201edie Welt um uns herum ist uns wichtig\u201c. Und in diesem Geiste treten wir auch unseren Mitarbeitern gegen\u00fcber. Wir unterst\u00fctzen ihre pers\u00f6nliche wie auch berufliche Entwicklung, wir legen Wert auf ihre regelm\u00e4\u00dfige Schulung und ihre Teilnahme an anderen Entwicklungsprogrammen.<\/p>\n\n\n\n<p>Wir achten auch auf ihre materielle Sicherheit in Form verschiedener Benefits, die insbesondere aus dem Tarifvertrag hervorgehen, und im Laufe des gesamten Jahres realisieren wir verschiedene Aktivit\u00e4ten, in die sie sich einbringen k\u00f6nnen. Und es hat sich gezeigt, dass dieser Ansatz \u201eFr\u00fcchte\u201c getragen hat.<\/p>\n\n\n\n<p>Gleichzeitig m\u00f6chte ich allen Personalreferentinnen danken, die durch ihre t\u00e4glichen Arbeit mit den Mitarbeitern in erheblichem Ma\u00dfe zu unserer Platzierung im Wettbewerb Arbeitgeber der Region 2023 beigetragen haben. Wir freuen uns auf die n\u00e4chsten beruflichen Herausforderungen und werden versuchen, unsere Position im n\u00e4chsten Jahr zu verteidigen und im Idealfall zu verbessern.<\/p>\n\n\n\n<p class=\"has-text-align-right\">Mgr. David \u010cuda, Direktor f\u00fcr Personal<\/p>\n","protected":false},"excerpt":{"rendered":"<p>Fatra gewann den 2. Platz im prestigetr\u00e4chtigen Wettbewerb Arbeitgeber des Jahres 2023 in der&nbsp;Kategorie \u201eArbeitgeber der Region bis 5&nbsp;000 Mitarbeiter des Bezirks Zl\u00edn&#8220;. Die Firma Fatra, a. s., war in dem vom Klub der Arbeitgeber ausgerichteten Wettbewerb erfolgreich und erhielt eine W\u00fcrdigung als Arbeitgeber in der Region Zl\u00edn. Wie der Veranstalter sagt, richtet sich dieser [&hellip;]<\/p>\n","protected":false},"author":2,"featured_media":2249,"comment_status":"open","ping_status":"closed","sticky":false,"template":"","format":"standard","meta":{"footnotes":""},"categories":[10],"tags":[],"class_list":["post-2258","post","type-post","status-publish","format-standard","has-post-thumbnail","hentry","category-unkategorisiert"],"_links":{"self":[{"href":"https:\/\/www.fatra-regranulace.cz\/de\/wp-json\/wp\/v2\/posts\/2258","targetHints":{"allow":["GET"]}}],"collection":[{"href":"https:\/\/www.fatra-regranulace.cz\/de\/wp-json\/wp\/v2\/posts"}],"about":[{"href":"https:\/\/www.fatra-regranulace.cz\/de\/wp-json\/wp\/v2\/types\/post"}],"author":[{"embeddable":true,"href":"https:\/\/www.fatra-regranulace.cz\/de\/wp-json\/wp\/v2\/users\/2"}],"replies":[{"embeddable":true,"href":"https:\/\/www.fatra-regranulace.cz\/de\/wp-json\/wp\/v2\/comments?post=2258"}],"version-history":[{"count":0,"href":"https:\/\/www.fatra-regranulace.cz\/de\/wp-json\/wp\/v2\/posts\/2258\/revisions"}],"wp:featuredmedia":[{"embeddable":true,"href":"https:\/\/www.fatra-regranulace.cz\/de\/wp-json\/wp\/v2\/media\/2249"}],"wp:attachment":[{"href":"https:\/\/www.fatra-regranulace.cz\/de\/wp-json\/wp\/v2\/media?parent=2258"}],"wp:term":[{"taxonomy":"category","embeddable":true,"href":"https:\/\/www.fatra-regranulace.cz\/de\/wp-json\/wp\/v2\/categories?post=2258"},{"taxonomy":"post_tag","embeddable":true,"href":"https:\/\/www.fatra-regranulace.cz\/de\/wp-json\/wp\/v2\/tags?post=2258"}],"curies":[{"name":"wp","href":"https:\/\/api.w.org\/{rel}","templated":true}]}}